{"id":1802,"date":"2022-08-17T09:04:00","date_gmt":"2022-08-17T07:04:00","guid":{"rendered":"https:\/\/musicolomouc.cz\/?p=1802"},"modified":"2025-09-30T22:46:51","modified_gmt":"2025-09-30T20:46:51","slug":"lichtzwang-cz-insomnia","status":"publish","type":"post","link":"https:\/\/musicolomouc.cz\/en\/lichtzwang-cz-insomnia\/","title":{"rendered":"<p>MONDRIAN ENSEMBLE<\/p>"},"content":{"rendered":"<p class=\"has-medium-font-size\"><strong>PIANO &amp; STRINGS<\/strong><details class=\"wp-block-mamaduka-toggles wp-block-toggles\"><summary>Details<\/summary><div class=\"wp-block-toggles__content\">\n<p><strong>MICHAEL JARRELL (1958, Switzerland):<\/strong> Nachlese&hellip; II (2007)<\/p>\n\n\n\n<p><strong>MAREK KEPRT (1974, CZ):<\/strong> V\u00e1\u017een\u00ed steskusyt\u00ed II (2025) \u2013<strong> WORLD PREMIERE<\/strong><\/p>\n\n\n\n<p><strong>BETTINA SKRZYPCZAK (1963, ?v&yacute;carsko):<\/strong> Sc&egrave;ne II (2015)<\/p>\n\n\n\n<p><strong>HEINZ HOLLIGER (1939, Switzerland):<\/strong> Elis (1961\/66)<\/p>\n\n\n\n<p><strong>TOM\u00c1\u0160 P\u00c1LKA (1978, CZ):<\/strong> Landscape: MeadowShiver (2025) \u2013<strong> WORLD PREMIERE<\/strong><\/p>\n\n\n\n<p><strong>TOSHIO HOSOKAWA (1955, Japonsko):<\/strong> Memory (1996)<\/p>\n\n\n\n<p><br><strong>**********<\/strong><br><\/p>\n\n\n\n<p><strong>ENSEMBLE MONDRIAN (Switzerland)<\/strong><\/p>\n\n\n\n<p><strong>Ivana Prista\u0161ov\u00e1 \u2013 violin<\/strong><\/p>\n\n\n\n<p><strong>Erik Zhen Mayr \u2013 viola<\/strong><\/p>\n\n\n\n<p><strong>Martin J\u00e4ggi \u2013 cello<\/strong><\/p>\n\n\n\n<p><strong>Marek Keprt \u2013 piano (as a guest)<\/strong><\/p>\n<\/div><\/details><\/p>","protected":false},"excerpt":{"rendered":"<p>13\/10 19H Arts Centre of Palack\u00fd University \u2013 CORPUS CHRISTI CHAPEL <\/p>","protected":false},"author":2,"featured_media":0,"comment_status":"closed","ping_status":"open","sticky":false,"template":"","format":"standard","meta":{"footnotes":""},"categories":[3],"tags":[285],"class_list":["post-1802","post","type-post","status-publish","format-standard","hentry","category-koncerty_program","tag-ch"],"_links":{"self":[{"href":"https:\/\/musicolomouc.cz\/en\/wp-json\/wp\/v2\/posts\/1802","targetHints":{"allow":["GET"]}}],"collection":[{"href":"https:\/\/musicolomouc.cz\/en\/wp-json\/wp\/v2\/posts"}],"about":[{"href":"https:\/\/musicolomouc.cz\/en\/wp-json\/wp\/v2\/types\/post"}],"author":[{"embeddable":true,"href":"https:\/\/musicolomouc.cz\/en\/wp-json\/wp\/v2\/users\/2"}],"replies":[{"embeddable":true,"href":"https:\/\/musicolomouc.cz\/en\/wp-json\/wp\/v2\/comments?post=1802"}],"version-history":[{"count":32,"href":"https:\/\/musicolomouc.cz\/en\/wp-json\/wp\/v2\/posts\/1802\/revisions"}],"predecessor-version":[{"id":2263,"href":"https:\/\/musicolomouc.cz\/en\/wp-json\/wp\/v2\/posts\/1802\/revisions\/2263"}],"wp:attachment":[{"href":"https:\/\/musicolomouc.cz\/en\/wp-json\/wp\/v2\/media?parent=1802"}],"wp:term":[{"taxonomy":"category","embeddable":true,"href":"https:\/\/musicolomouc.cz\/en\/wp-json\/wp\/v2\/categories?post=1802"},{"taxonomy":"post_tag","embeddable":true,"href":"https:\/\/musicolomouc.cz\/en\/wp-json\/wp\/v2\/tags?post=1802"}],"curies":[{"name":"wp","href":"https:\/\/api.w.org\/{rel}","templated":true}]}}